[{"@context":"https:\/\/schema.org\/","@type":"Article","@id":"https:\/\/www.cemis.sk\/dovolenka-v-septembri\/#Article","mainEntityOfPage":"https:\/\/www.cemis.sk\/dovolenka-v-septembri\/","headline":"Dovolenka v septembri","name":"Dovolenka v septembri","description":"Je leto. Pr\u00e1ve leto je ur\u010den\u00e9 na to, aby ste sa vybrali k\u00a0moru. M\u00e1te radi more a\u00a0pl\u00e1\u017e? Mnoho \u013eud\u00ed chod\u00ed pr\u00e1ve po\u010das letnej sez\u00f3ny do","datePublished":"2024-06-30","dateModified":"2024-06-30","author":{"@type":"Person","@id":"https:\/\/www.cemis.sk\/author\/#Person","name":"","url":"https:\/\/www.cemis.sk\/author\/","identifier":1,"image":{"@type":"ImageObject","@id":"https:\/\/secure.gravatar.com\/avatar\/ccdd701717dc93db07d73e0c11dbbb8b91524cccc3bfbd3baea83667a3ebf5d6?s=96&d=mm&r=g","url":"https:\/\/secure.gravatar.com\/avatar\/ccdd701717dc93db07d73e0c11dbbb8b91524cccc3bfbd3baea83667a3ebf5d6?s=96&d=mm&r=g","height":96,"width":96}},"publisher":{"@type":"Organization","name":"cemis.sk","logo":{"@type":"ImageObject","@id":"\/logo.png","url":"\/logo.png","width":600,"height":60}},"image":{"@type":"ImageObject","@id":"https:\/\/www.cemis.sk\/wp-content\/uploads\/ai-generated-8588518_640.jpg","url":"https:\/\/www.cemis.sk\/wp-content\/uploads\/ai-generated-8588518_640.jpg","height":0,"width":0},"url":"https:\/\/www.cemis.sk\/dovolenka-v-septembri\/","about":["Dovolenka"],"wordCount":416,"articleBody":"Je leto. Pr\u00e1ve leto je ur\u010den\u00e9 na to, aby ste sa vybrali k\u00a0moru. M\u00e1te radi more a\u00a0pl\u00e1\u017e? Mnoho \u013eud\u00ed chod\u00ed pr\u00e1ve po\u010das letnej sez\u00f3ny do zahrani\u010dia na letn\u00fa dovolenku. Ak ste e\u0161te tento rok nikde neboli, mali by ste sa popozera\u0165 po r\u00f4znych dovolenkov\u00fdch destin\u00e1ci\u00e1ch, ktor\u00e9 s\u00fa e\u0161te v\u00a0ponuke cestovn\u00fdch agent\u00far. Av\u0161ak u\u017e koncom j\u00fala ve\u013ea toho nebude vo\u013en\u00fdch. Uvedomte si to, \u017ee mo\u017eno pr\u00e1ve po\u010das augusta bud\u00fa dovolenky a\u00a0dovolenkov\u00e9 pobyty omnoho drah\u0161ie. Je to po\u010das dovolenkovej sez\u00f3ny, kde s\u00a0vy\u0161\u0161ou cenou mus\u00edte po\u010d\u00edta\u0165. Niektor\u00ed \u013eudia to robia tak, \u017ee id\u00fa na dovolenku k\u00a0moru mimo sez\u00f3ny.Pr\u00e1ve september je na to stvoren\u00fd. More e\u0161te nie je studen\u00e9 a\u00a0viete sa v\u00a0\u0148om ok\u00fapa\u0165, aj ke\u010f u\u017e dovolenkov\u00e1 sez\u00f3na skon\u010dila. M\u00f4\u017ee to by\u0165 pre v\u00e1s omnoho lacnej\u0161ou vo\u013ebou. Av\u0161ak po\u010das septembra u\u017e deti nemaj\u00fa pr\u00e1zdniny. Viete, \u010do je na dovolenke v\u00a0septembri najlep\u0161ie? \u017de u\u017e tam nie je tak\u00e9 mno\u017estvo turistov. Pl\u00e1\u017ee m\u00e1te skoro cel\u00e9 pre seba a\u00a0n\u00e1jdete tam aj pokoj. Pr\u00e1ve oddych a\u00a0pokoj potrebujete. M\u00f4\u017eete si \u00eds\u0165 k\u00a0moru odd\u00fdchnu\u0165, \u010do je ve\u013emi dobr\u00fdm rie\u0161en\u00edm po dlh\u00fdch pracovn\u00fdch mesiacoch. Vyhnite sa najv\u00e4\u010d\u0161iemu n\u00e1valu \u013eud\u00ed a\u00a0turistov v\u00a0r\u00f4znych zahrani\u010dn\u00fdch krajin\u00e1ch a\u00a0urobte si ve\u013emi pekn\u00fa dovolenku pr\u00e1ve mimo sez\u00f3nu. Ur\u010dite budete s\u00a0va\u0161\u00edm na\u010dasovan\u00edm ve\u013emi spokojn\u00ed.Niektor\u00ed \u013eudia nemaj\u00fa radi balenie na dovolenku. Balenie im neprin\u00e1\u0161a tak\u00fa rados\u0165, ak\u00fa by mali ma\u0165. Pr\u00e1ve balenie m\u00f4\u017ee by\u0165 ve\u013emi zni\u010duj\u00face pre mnoh\u00e9 \u017eeny. Pr\u00e1ve to ost\u00e1va na \u017een\u00e1ch, \u017ee musia pobali\u0165 cel\u00fa svoju rodinu. U\u017e ste sa za\u010dali bali\u0165 na svoju letn\u00fa dovolenku? Zba\u013ete si len to, o\u00a0\u010dom si mysl\u00edte, \u017ee to budete potrebova\u0165. Neba\u013ete si ni\u010d navy\u0161e. Ak by ste mali prive\u013ea bato\u017einy, mohla by sa va\u0161a dovolenka omnoho predra\u017ei\u0165. Viem, o\u00a0\u010dom hovor\u00edm. Za ka\u017ed\u00fa jednu bato\u017einu navy\u0161e si aj mus\u00edte priplati\u0165. To sa rob\u00ed priamo na letisku. Ke\u010f\u017ee k\u00a0moru mus\u00edte letie\u0165, myslite na to, \u010do si m\u00f4\u017eete vzia\u0165 do lietadla.                                                                                                                                                                                                                                                                                                                                                                                                "},{"@context":"https:\/\/schema.org\/","@type":"BreadcrumbList","itemListElement":[{"@type":"ListItem","position":1,"name":"Dovolenka v septembri","item":"https:\/\/www.cemis.sk\/dovolenka-v-septembri\/#breadcrumbitem"}]}]