[{"@context":"https:\/\/schema.org\/","@type":"Article","@id":"https:\/\/www.cemis.sk\/radost-z-ovcej-vlny-a-vyrobkov-z-nej-bude-mat-kazdy-kto-si-niektory-produkt-zaobstara\/#Article","mainEntityOfPage":"https:\/\/www.cemis.sk\/radost-z-ovcej-vlny-a-vyrobkov-z-nej-bude-mat-kazdy-kto-si-niektory-produkt-zaobstara\/","headline":"Rados\u0165 z ov\u010dej vlny a v\u00fdrobkov z nej bude ma\u0165 ka\u017ed\u00fd, kto si niektor\u00fd produkt zaobstar\u00e1","name":"Rados\u0165 z ov\u010dej vlny a v\u00fdrobkov z nej bude ma\u0165 ka\u017ed\u00fd, kto si niektor\u00fd produkt zaobstar\u00e1","description":"V\u0161etko, \u010do m\u00e1 dlh\u00fa trad\u00edciu a pre\u017eilo do dne\u0161n\u00fdch dn\u00ed, je d\u00f4kazom kvality, preto\u017ee iba produkty, ktor\u00e9 maj\u00fa dlh\u00fa \u017eivotnos\u0165 a po\u017eadovan\u00e9 vlastnosti m\u00f4\u017eu sp\u013a\u0148a\u0165","datePublished":"2025-12-03","dateModified":"2025-12-03","author":{"@type":"Person","@id":"https:\/\/www.cemis.sk\/author\/#Person","name":"","url":"https:\/\/www.cemis.sk\/author\/","identifier":1,"image":{"@type":"ImageObject","@id":"https:\/\/secure.gravatar.com\/avatar\/ccdd701717dc93db07d73e0c11dbbb8b91524cccc3bfbd3baea83667a3ebf5d6?s=96&d=mm&r=g","url":"https:\/\/secure.gravatar.com\/avatar\/ccdd701717dc93db07d73e0c11dbbb8b91524cccc3bfbd3baea83667a3ebf5d6?s=96&d=mm&r=g","height":96,"width":96}},"publisher":{"@type":"Organization","name":"cemis.sk","logo":{"@type":"ImageObject","@id":"\/logo.png","url":"\/logo.png","width":600,"height":60}},"image":{"@type":"ImageObject","@id":"https:\/\/www.cemis.sk\/wp-content\/uploads\/IMG_3332_1.jpeg","url":"https:\/\/www.cemis.sk\/wp-content\/uploads\/IMG_3332_1.jpeg","height":0,"width":0},"url":"https:\/\/www.cemis.sk\/radost-z-ovcej-vlny-a-vyrobkov-z-nej-bude-mat-kazdy-kto-si-niektory-produkt-zaobstara\/","about":["Produkty"],"wordCount":418,"articleBody":"   V\u0161etko, \u010do m\u00e1 dlh\u00fa trad\u00edciu a pre\u017eilo do dne\u0161n\u00fdch dn\u00ed, je d\u00f4kazom kvality, preto\u017ee iba produkty, ktor\u00e9 maj\u00fa dlh\u00fa \u017eivotnos\u0165 a po\u017eadovan\u00e9 vlastnosti m\u00f4\u017eu sp\u013a\u0148a\u0165 aj s\u00fa\u010dasn\u00e9 n\u00e1ro\u010dn\u00e9 po\u017eiadavky \u013eud\u00ed na v\u00fdrobky, ktor\u00fdmi sa obklopujeme. Vzh\u013eadom na to, \u017ee v\u0161etko st\u00fapa na cene, je dlh\u00e1 \u017eivotnos\u0165 kvalitn\u00fdch v\u00fdrobkov vyh\u013ead\u00e1van\u00e1. Ov\u010dia vlna m\u00e1 mnoho dobr\u00fdch vlastnost\u00ed, a tie dok\u00e1zali oceni\u0165 u\u017e na\u0161i predkovia. Oni nemali s\u00fa\u010dasn\u00e9 technol\u00f3gie na spracovanie a v\u00fdrobu produktov dennej spotreby, v\u0161etko robili preva\u017ene ru\u010dne. Niektor\u00e9 \u010dinnosti sa tak zachovali a\u017e do dne\u0161n\u00fdch dn\u00ed, existuje toti\u017e ru\u010dn\u00e1 v\u00fdroba, a t\u00e1 je v s\u00fa\u010dasnej premechanizovanej dobe ve\u013emi cenen\u00e1.Z oviec je najzn\u00e1mej\u0161ia vlna merino, pod t\u00fdmto n\u00e1zvom ju poznaj\u00fa aj v zahrani\u010d\u00ed. Ide o ve\u013emi ob\u013e\u00faben\u00fd pr\u00edrodn\u00fd materi\u00e1l, vhodn\u00fd na v\u00fdrobu pestr\u00e9ho sortimentu oble\u010denia, doplnkov do bytu, produktov pre deti, hra\u010dky, oble\u010denie, zdravotn\u00edcke v\u00fdrobky a podobne. Najviac je oce\u0148ovan\u00e1 termoizola\u010dn\u00e1 schopnos\u0165 ov\u010dieho r\u00fana, teda vlastnos\u0165, ktor\u00e1 umo\u017e\u0148uje v lete chladi\u0165 a v zime hria\u0165. To, \u017ee je vhodn\u00e1 pre ka\u017ed\u00e9ho, je v\u010faka antibakteri\u00e1lnej podstate vlny, \u010falej jej udr\u017eate\u013enosti a vysokej odolnosti, \u010do znamen\u00e1, \u017ee jej zabezpe\u010d\u00ed dlh\u00fa \u017eivotnos\u0165. Miluj\u00fa ju deti aj dospel\u00ed, ak sa v chladnom obdob\u00ed po\u010das zimy \u201ezamot\u00e1te\u201c do deky z tejto merino vlny, nebudete chcie\u0165 spod nej vyliez\u0165. Je m\u00e4kk\u00e1, pr\u00edjemn\u00e1 na dotyk, \u013eahk\u00e1 a z\u00e1rove\u0148 hrejiv\u00e1.Ov\u010die r\u00fano sa stalo z\u00e1kladom pre v\u00fdrobu a \u0161itie v\u00fdrobkov na \u0161irokom z\u00e1klade r\u00f4znych druhov produktov. Z\u00e1klad tvoria deky, potom s\u00fa to ov\u010die veci  predlo\u017eky pred krby \u010di postele, prehozy na seda\u010dky \u010di kresl\u00e1, podsed\u00e1ky, papu\u010de, vesty, \u010diapky, rukavice, ale aj pono\u017eky \u010di krpce, z vlny sa vyr\u00e1baj\u00fa aj zdravotn\u00edcke pom\u00f4cky, vank\u00fa\u0161e a ve\u013ea in\u00fdch vec\u00ed. Star\u0161\u00ed \u013eudia \u010dasto vyu\u017e\u00edvaj\u00fa \u013eadvinov\u00fd p\u00e1s, ktor\u00fd spo\u013eahlivo uchr\u00e1ni oblas\u0165 chrbta pred prechladnut\u00edm pri pr\u00e1ci v chladnom prostred\u00ed. V\u00fdhodou produktov z ov\u010dej vlny je mo\u017enos\u0165 vypra\u0165 ich na 30\u00b0C aj v pr\u00e1\u010dke na \u0161etrnom programe a s vhodn\u00fdm prac\u00edm prostriedkom. Vydr\u017eia tak cel\u00e9 roky v skvelom stave.                                                                                                                                                                                                                                                                                                                                                                                                  "},{"@context":"https:\/\/schema.org\/","@type":"BreadcrumbList","itemListElement":[{"@type":"ListItem","position":1,"name":"Rados\u0165 z ov\u010dej vlny a v\u00fdrobkov z nej bude ma\u0165 ka\u017ed\u00fd, kto si niektor\u00fd produkt zaobstar\u00e1","item":"https:\/\/www.cemis.sk\/radost-z-ovcej-vlny-a-vyrobkov-z-nej-bude-mat-kazdy-kto-si-niektory-produkt-zaobstara\/#breadcrumbitem"}]}]